{"id":3438,"date":"2025-11-09T11:05:46","date_gmt":"2025-11-09T10:05:46","guid":{"rendered":"https:\/\/www.dieweltenbummler.de\/wohnmobilstellplatz-nordkirchen\/?p=3438"},"modified":"2025-11-09T11:07:21","modified_gmt":"2025-11-09T10:07:21","slug":"zwei-neue-praesentkoerbe-fuer-die-gaeste","status":"publish","type":"post","link":"https:\/\/www.dieweltenbummler.de\/wohnmobilstellplatz-nordkirchen\/zwei-neue-praesentkoerbe-fuer-die-gaeste\/","title":{"rendered":"Zwei neue Pr\u00e4sentk\u00f6rbe f\u00fcr die G\u00e4ste"},"content":{"rendered":"\n<p>Die Saison ist nun ruhiger geworden und zahlreiche Wohnmobilisten haben mittlerweile ihr Fahrzeug f\u00fcr den Winter einquartiert.<br>Zum Ende der Saison haben wir jedoch im Oktober noch zwei Mal einen Pr\u00e4sentkorb \u00fcbergeben. Mit Produkten aus der Region bedankten wir uns bei den G\u00e4sten, die unseren <a href=\"https:\/\/www.dieweltenbummler.de\/wohnmobilstellplatz-nordkirchen\/praesentkorb-fuer-die-50-nacht\/\">Womopassport <\/a>gef\u00fcllt haben und entsprechend viele N\u00e4chte auf unserem <strong>Wohnmobilstellplatz Nordkirchen <\/strong>verbrachten.<\/p>\n\n\n\n<figure data-wp-context=\"{&quot;imageId&quot;:&quot;69f2fd35007f9&quot;}\" data-wp-interactive=\"core\/image\" data-wp-key=\"69f2fd35007f9\" class=\"wp-block-image size-full wp-lightbox-container\"><img loading=\"lazy\" decoding=\"async\" width=\"2500\" height=\"1406\" data-wp-class--hide=\"state.isContentHidden\" data-wp-class--show=\"state.isContentVisible\" data-wp-init=\"callbacks.setButtonStyles\" data-wp-on--click=\"actions.showLightbox\" data-wp-on--load=\"callbacks.setButtonStyles\" data-wp-on-window--resize=\"callbacks.setButtonStyles\" src=\"https:\/\/www.dieweltenbummler.de\/wohnmobilstellplatz-nordkirchen\/wp-content\/uploads\/2025\/11\/In-Nordkirchen-erhaelt-man-Praesentkoerbe-als-Camper.jpg\" alt=\"In Nordkirchen erh\u00e4lt man Pr\u00e4sentk\u00f6rbe als Camper\" class=\"wp-image-3439\" title=\"In Nordkirchen erh\u00e4lt man Pr\u00e4sentk\u00f6rbe als Camper\" srcset=\"https:\/\/www.dieweltenbummler.de\/wohnmobilstellplatz-nordkirchen\/wp-content\/uploads\/2025\/11\/In-Nordkirchen-erhaelt-man-Praesentkoerbe-als-Camper.jpg 2500w, https:\/\/www.dieweltenbummler.de\/wohnmobilstellplatz-nordkirchen\/wp-content\/uploads\/2025\/11\/In-Nordkirchen-erhaelt-man-Praesentkoerbe-als-Camper-300x169.jpg 300w, https:\/\/www.dieweltenbummler.de\/wohnmobilstellplatz-nordkirchen\/wp-content\/uploads\/2025\/11\/In-Nordkirchen-erhaelt-man-Praesentkoerbe-als-Camper-1024x576.jpg 1024w, https:\/\/www.dieweltenbummler.de\/wohnmobilstellplatz-nordkirchen\/wp-content\/uploads\/2025\/11\/In-Nordkirchen-erhaelt-man-Praesentkoerbe-als-Camper-768x432.jpg 768w, https:\/\/www.dieweltenbummler.de\/wohnmobilstellplatz-nordkirchen\/wp-content\/uploads\/2025\/11\/In-Nordkirchen-erhaelt-man-Praesentkoerbe-als-Camper-1536x864.jpg 1536w, https:\/\/www.dieweltenbummler.de\/wohnmobilstellplatz-nordkirchen\/wp-content\/uploads\/2025\/11\/In-Nordkirchen-erhaelt-man-Praesentkoerbe-als-Camper-2048x1152.jpg 2048w\" sizes=\"auto, (max-width: 2500px) 100vw, 2500px\" \/><button\n\t\t\tclass=\"lightbox-trigger\"\n\t\t\ttype=\"button\"\n\t\t\taria-haspopup=\"dialog\"\n\t\t\taria-label=\"Vergr\u00f6\u00dfern\"\n\t\t\tdata-wp-init=\"callbacks.initTriggerButton\"\n\t\t\tdata-wp-on--click=\"actions.showLightbox\"\n\t\t\tdata-wp-style--right=\"state.imageButtonRight\"\n\t\t\tdata-wp-style--top=\"state.imageButtonTop\"\n\t\t>\n\t\t\t<svg xmlns=\"http:\/\/www.w3.org\/2000\/svg\" width=\"12\" height=\"12\" fill=\"none\" viewBox=\"0 0 12 12\">\n\t\t\t\t<path fill=\"#fff\" d=\"M2 0a2 2 0 0 0-2 2v2h1.5V2a.5.5 0 0 1 .5-.5h2V0H2Zm2 10.5H2a.5.5 0 0 1-.5-.5V8H0v2a2 2 0 0 0 2 2h2v-1.5ZM8 12v-1.5h2a.5.5 0 0 0 .5-.5V8H12v2a2 2 0 0 1-2 2H8Zm2-12a2 2 0 0 1 2 2v2h-1.5V2a.5.5 0 0 0-.5-.5H8V0h2Z\" \/>\n\t\t\t<\/svg>\n\t\t<\/button><figcaption class=\"wp-element-caption\"><em>In Nordkirchen erh\u00e4lt man Pr\u00e4sentk\u00f6rbe als Camper<\/em><\/figcaption><\/figure>\n\n\n\n<p>Auch wenn die Reisesaison nun ruhiger ist, sind wir nat\u00fcrlich weiterhin f\u00fcr euch da und haben das ganze Jahr durchgehend ge\u00f6ffnet. Es besteht also auch im anstehenden Winter die M\u00f6glichkeit, einen Pr\u00e4sentkorb zu erhalten.<\/p>\n\n\n\n<figure data-wp-context=\"{&quot;imageId&quot;:&quot;69f2fd350127c&quot;}\" data-wp-interactive=\"core\/image\" data-wp-key=\"69f2fd350127c\" class=\"wp-block-image size-full wp-lightbox-container\"><img loading=\"lazy\" decoding=\"async\" width=\"2500\" height=\"1406\" data-wp-class--hide=\"state.isContentHidden\" data-wp-class--show=\"state.isContentVisible\" data-wp-init=\"callbacks.setButtonStyles\" data-wp-on--click=\"actions.showLightbox\" data-wp-on--load=\"callbacks.setButtonStyles\" data-wp-on-window--resize=\"callbacks.setButtonStyles\" src=\"https:\/\/www.dieweltenbummler.de\/wohnmobilstellplatz-nordkirchen\/wp-content\/uploads\/2025\/11\/Praesentkorb-auf-dem-Wohnmobilstellplatz-Nordkirchen.jpg\" alt=\"Pr\u00e4sentkorb auf dem Wohnmobilstellplatz Nordkirchen\" class=\"wp-image-3440\" title=\"Pr\u00e4sentkorb auf dem Wohnmobilstellplatz Nordkirchen\" srcset=\"https:\/\/www.dieweltenbummler.de\/wohnmobilstellplatz-nordkirchen\/wp-content\/uploads\/2025\/11\/Praesentkorb-auf-dem-Wohnmobilstellplatz-Nordkirchen.jpg 2500w, https:\/\/www.dieweltenbummler.de\/wohnmobilstellplatz-nordkirchen\/wp-content\/uploads\/2025\/11\/Praesentkorb-auf-dem-Wohnmobilstellplatz-Nordkirchen-300x169.jpg 300w, https:\/\/www.dieweltenbummler.de\/wohnmobilstellplatz-nordkirchen\/wp-content\/uploads\/2025\/11\/Praesentkorb-auf-dem-Wohnmobilstellplatz-Nordkirchen-1024x576.jpg 1024w, https:\/\/www.dieweltenbummler.de\/wohnmobilstellplatz-nordkirchen\/wp-content\/uploads\/2025\/11\/Praesentkorb-auf-dem-Wohnmobilstellplatz-Nordkirchen-768x432.jpg 768w, https:\/\/www.dieweltenbummler.de\/wohnmobilstellplatz-nordkirchen\/wp-content\/uploads\/2025\/11\/Praesentkorb-auf-dem-Wohnmobilstellplatz-Nordkirchen-1536x864.jpg 1536w, https:\/\/www.dieweltenbummler.de\/wohnmobilstellplatz-nordkirchen\/wp-content\/uploads\/2025\/11\/Praesentkorb-auf-dem-Wohnmobilstellplatz-Nordkirchen-2048x1152.jpg 2048w\" sizes=\"auto, (max-width: 2500px) 100vw, 2500px\" \/><button\n\t\t\tclass=\"lightbox-trigger\"\n\t\t\ttype=\"button\"\n\t\t\taria-haspopup=\"dialog\"\n\t\t\taria-label=\"Vergr\u00f6\u00dfern\"\n\t\t\tdata-wp-init=\"callbacks.initTriggerButton\"\n\t\t\tdata-wp-on--click=\"actions.showLightbox\"\n\t\t\tdata-wp-style--right=\"state.imageButtonRight\"\n\t\t\tdata-wp-style--top=\"state.imageButtonTop\"\n\t\t>\n\t\t\t<svg xmlns=\"http:\/\/www.w3.org\/2000\/svg\" width=\"12\" height=\"12\" fill=\"none\" viewBox=\"0 0 12 12\">\n\t\t\t\t<path fill=\"#fff\" d=\"M2 0a2 2 0 0 0-2 2v2h1.5V2a.5.5 0 0 1 .5-.5h2V0H2Zm2 10.5H2a.5.5 0 0 1-.5-.5V8H0v2a2 2 0 0 0 2 2h2v-1.5ZM8 12v-1.5h2a.5.5 0 0 0 .5-.5V8H12v2a2 2 0 0 1-2 2H8Zm2-12a2 2 0 0 1 2 2v2h-1.5V2a.5.5 0 0 0-.5-.5H8V0h2Z\" \/>\n\t\t\t<\/svg>\n\t\t<\/button><figcaption class=\"wp-element-caption\"><em>Pr\u00e4sentkorb auf dem Wohnmobilstellplatz Nordkirchen<\/em><\/figcaption><\/figure>\n\n\n\n<p>Viele Gr\u00fc\u00dfe und einen sch\u00f6nen Sonntag!<\/p>\n\n\n\n<div class=\"wp-block-columns has-background is-layout-flex wp-container-core-columns-is-layout-28f84493 wp-block-columns-is-layout-flex\" style=\"background:linear-gradient(180deg,rgb(238,238,238) 0%,rgb(169,184,195) 87%)\">\n<div class=\"wp-block-column is-layout-flow wp-block-column-is-layout-flow\" style=\"flex-basis:33.33%\">\n<figure class=\"wp-block-image aligncenter size-full is-resized\"><img loading=\"lazy\" decoding=\"async\" src=\"https:\/\/www.dieweltenbummler.de\/wohnmobilstellplatz-nordkirchen\/wp-content\/uploads\/2023\/01\/Fasshaus-Logo-2-transparent-klein.png\" alt=\"\" class=\"wp-image-2644\" width=\"224\" height=\"238\" srcset=\"https:\/\/www.dieweltenbummler.de\/wohnmobilstellplatz-nordkirchen\/wp-content\/uploads\/2023\/01\/Fasshaus-Logo-2-transparent-klein.png 400w, https:\/\/www.dieweltenbummler.de\/wohnmobilstellplatz-nordkirchen\/wp-content\/uploads\/2023\/01\/Fasshaus-Logo-2-transparent-klein-282x300.png 282w\" sizes=\"auto, (max-width: 224px) 100vw, 224px\" \/><\/figure>\n<\/div>\n\n\n\n<div class=\"wp-block-column is-layout-flow wp-block-column-is-layout-flow\" style=\"flex-basis:66.66%\">\n<p><strong>Hier schreibt der Wohnmobilstellplatz Nordkirchen<\/strong><\/p>\n\n\n\n<p>Wir sind ein Wohnmobilstellplatz mit 21 Parzellen im s\u00fcdlichen M\u00fcnsterland zwischen Dortmund und M\u00fcnster. Unser Stellplatz ist ganzj\u00e4hrig ge\u00f6ffnet und liegt nur 500 Meter vom Barockschloss Nordkirchen entfernt. <\/p>\n\n\n\n<p>Betrieben wird der Platz von <a href=\"https:\/\/www.dieweltenbummler.de\">Reisejournalist Michael Moll <\/a>und seiner Frau Monika und wir freuen uns auf Ihren Besuch!<\/p>\n<\/div>\n<\/div>\n","protected":false},"excerpt":{"rendered":"<p>Die Saison ist nun ruhiger geworden und zahlreiche Wohnmobilisten haben mittlerweile ihr Fahrzeug f\u00fcr den Winter einquartiert.Zum Ende der Saison haben wir jedoch im Oktober [&hellip;]<\/p>\n","protected":false},"author":1,"featured_media":3439,"comment_status":"closed","ping_status":"open","sticky":false,"template":"","format":"standard","meta":{"site-sidebar-layout":"default","site-content-layout":"","ast-site-content-layout":"default","site-content-style":"default","site-sidebar-style":"default","ast-global-header-display":"","ast-banner-title-visibility":"","ast-main-header-display":"","ast-hfb-above-header-display":"","ast-hfb-below-header-display":"","ast-hfb-mobile-header-display":"","site-post-title":"","ast-breadcrumbs-content":"","ast-featured-img":"","footer-sml-layout":"","ast-disable-related-posts":"","theme-transparent-header-meta":"","adv-header-id-meta":"","stick-header-meta":"","header-above-stick-meta":"","header-main-stick-meta":"","header-below-stick-meta":"","astra-migrate-meta-layouts":"set","ast-page-background-enabled":"default","ast-page-background-meta":{"desktop":{"background-color":"","background-image":"","background-repeat":"repeat","background-position":"center center","background-size":"auto","background-attachment":"scroll","background-type":"","background-media":"","overlay-type":"","overlay-color":"","overlay-opacity":"","overlay-gradient":""},"tablet":{"background-color":"","background-image":"","background-repeat":"repeat","background-position":"center center","background-size":"auto","background-attachment":"scroll","background-type":"","background-media":"","overlay-type":"","overlay-color":"","overlay-opacity":"","overlay-gradient":""},"mobile":{"background-color":"","background-image":"","background-repeat":"repeat","background-position":"center center","background-size":"auto","background-attachment":"scroll","background-type":"","background-media":"","overlay-type":"","overlay-color":"","overlay-opacity":"","overlay-gradient":""}},"ast-content-background-meta":{"desktop":{"background-color":"var(--ast-global-color-5)","background-image":"","background-repeat":"repeat","background-position":"center center","background-size":"auto","background-attachment":"scroll","background-type":"","background-media":"","overlay-type":"","overlay-color":"","overlay-opacity":"","overlay-gradient":""},"tablet":{"background-color":"var(--ast-global-color-5)","background-image":"","background-repeat":"repeat","background-position":"center center","background-size":"auto","background-attachment":"scroll","background-type":"","background-media":"","overlay-type":"","overlay-color":"","overlay-opacity":"","overlay-gradient":""},"mobile":{"background-color":"var(--ast-global-color-5)","background-image":"","background-repeat":"repeat","background-position":"center center","background-size":"auto","background-attachment":"scroll","background-type":"","background-media":"","overlay-type":"","overlay-color":"","overlay-opacity":"","overlay-gradient":""}},"footnotes":""},"categories":[4],"tags":[248,8,143,9,192,7,278],"class_list":["post-3438","post","type-post","status-publish","format-standard","has-post-thumbnail","hentry","category-stellplatz","tag-womonoki","tag-nordkirchen","tag-wohnmobile","tag-wohnmobilstellplatz","tag-wohnmobilstellplatz-nordkirchen","tag-womo","tag-womostellplatz"],"yoast_head":"<!-- This site is optimized with the Yoast SEO plugin v27.5 - https:\/\/yoast.com\/product\/yoast-seo-wordpress\/ -->\n<title>Zwei neue Pr\u00e4sentk\u00f6rbe f\u00fcr die G\u00e4ste - Wohnmobilstellplatz Nordkirchen<\/title>\n<meta name=\"robots\" content=\"index, follow, max-snippet:-1, max-image-preview:large, max-video-preview:-1\" \/>\n<link rel=\"canonical\" href=\"https:\/\/www.dieweltenbummler.de\/wohnmobilstellplatz-nordkirchen\/zwei-neue-praesentkoerbe-fuer-die-gaeste\/\" \/>\n<meta property=\"og:locale\" content=\"de_DE\" \/>\n<meta property=\"og:type\" content=\"article\" \/>\n<meta property=\"og:title\" content=\"Zwei neue Pr\u00e4sentk\u00f6rbe f\u00fcr die G\u00e4ste - Wohnmobilstellplatz Nordkirchen\" \/>\n<meta property=\"og:description\" content=\"Die Saison ist nun ruhiger geworden und zahlreiche Wohnmobilisten haben mittlerweile ihr Fahrzeug f\u00fcr den Winter einquartiert.Zum Ende der Saison haben wir jedoch im Oktober [&hellip;]\" \/>\n<meta property=\"og:url\" content=\"https:\/\/www.dieweltenbummler.de\/wohnmobilstellplatz-nordkirchen\/zwei-neue-praesentkoerbe-fuer-die-gaeste\/\" \/>\n<meta property=\"og:site_name\" content=\"Wohnmobilstellplatz Nordkirchen\" \/>\n<meta property=\"article:published_time\" content=\"2025-11-09T10:05:46+00:00\" \/>\n<meta property=\"article:modified_time\" content=\"2025-11-09T10:07:21+00:00\" \/>\n<meta property=\"og:image\" content=\"https:\/\/www.dieweltenbummler.de\/wohnmobilstellplatz-nordkirchen\/wp-content\/uploads\/2025\/11\/In-Nordkirchen-erhaelt-man-Praesentkoerbe-als-Camper.jpg\" \/>\n\t<meta property=\"og:image:width\" content=\"2500\" \/>\n\t<meta property=\"og:image:height\" content=\"1406\" \/>\n\t<meta property=\"og:image:type\" content=\"image\/jpeg\" \/>\n<meta name=\"author\" content=\"Wohnmobilstellplatz Nordkirchen\" \/>\n<meta name=\"twitter:card\" content=\"summary_large_image\" \/>\n<meta name=\"twitter:label1\" content=\"Verfasst von\" \/>\n\t<meta name=\"twitter:data1\" content=\"Wohnmobilstellplatz Nordkirchen\" \/>\n\t<meta name=\"twitter:label2\" content=\"Gesch\u00e4tzte Lesezeit\" \/>\n\t<meta name=\"twitter:data2\" content=\"2\u00a0Minuten\" \/>\n<script type=\"application\/ld+json\" class=\"yoast-schema-graph\">{\"@context\":\"https:\\\/\\\/schema.org\",\"@graph\":[{\"@type\":\"Article\",\"@id\":\"https:\\\/\\\/www.dieweltenbummler.de\\\/wohnmobilstellplatz-nordkirchen\\\/zwei-neue-praesentkoerbe-fuer-die-gaeste\\\/#article\",\"isPartOf\":{\"@id\":\"https:\\\/\\\/www.dieweltenbummler.de\\\/wohnmobilstellplatz-nordkirchen\\\/zwei-neue-praesentkoerbe-fuer-die-gaeste\\\/\"},\"author\":{\"name\":\"Wohnmobilstellplatz Nordkirchen\",\"@id\":\"https:\\\/\\\/www.dieweltenbummler.de\\\/wohnmobilstellplatz-nordkirchen\\\/#\\\/schema\\\/person\\\/980cf4c1f1d6677626acc764875138ee\"},\"headline\":\"Zwei neue Pr\u00e4sentk\u00f6rbe f\u00fcr die G\u00e4ste\",\"datePublished\":\"2025-11-09T10:05:46+00:00\",\"dateModified\":\"2025-11-09T10:07:21+00:00\",\"mainEntityOfPage\":{\"@id\":\"https:\\\/\\\/www.dieweltenbummler.de\\\/wohnmobilstellplatz-nordkirchen\\\/zwei-neue-praesentkoerbe-fuer-die-gaeste\\\/\"},\"wordCount\":135,\"publisher\":{\"@id\":\"https:\\\/\\\/www.dieweltenbummler.de\\\/wohnmobilstellplatz-nordkirchen\\\/#organization\"},\"image\":{\"@id\":\"https:\\\/\\\/www.dieweltenbummler.de\\\/wohnmobilstellplatz-nordkirchen\\\/zwei-neue-praesentkoerbe-fuer-die-gaeste\\\/#primaryimage\"},\"thumbnailUrl\":\"https:\\\/\\\/www.dieweltenbummler.de\\\/wohnmobilstellplatz-nordkirchen\\\/wp-content\\\/uploads\\\/2025\\\/11\\\/In-Nordkirchen-erhaelt-man-Praesentkoerbe-als-Camper.jpg\",\"keywords\":[\"#womonoki\",\"Nordkirchen\",\"Wohnmobile\",\"Wohnmobilstellplatz\",\"Wohnmobilstellplatz Nordkirchen\",\"Womo\",\"Womostellplatz\"],\"articleSection\":[\"Stellplatz\"],\"inLanguage\":\"de\"},{\"@type\":\"WebPage\",\"@id\":\"https:\\\/\\\/www.dieweltenbummler.de\\\/wohnmobilstellplatz-nordkirchen\\\/zwei-neue-praesentkoerbe-fuer-die-gaeste\\\/\",\"url\":\"https:\\\/\\\/www.dieweltenbummler.de\\\/wohnmobilstellplatz-nordkirchen\\\/zwei-neue-praesentkoerbe-fuer-die-gaeste\\\/\",\"name\":\"Zwei neue Pr\u00e4sentk\u00f6rbe f\u00fcr die G\u00e4ste - Wohnmobilstellplatz Nordkirchen\",\"isPartOf\":{\"@id\":\"https:\\\/\\\/www.dieweltenbummler.de\\\/wohnmobilstellplatz-nordkirchen\\\/#website\"},\"primaryImageOfPage\":{\"@id\":\"https:\\\/\\\/www.dieweltenbummler.de\\\/wohnmobilstellplatz-nordkirchen\\\/zwei-neue-praesentkoerbe-fuer-die-gaeste\\\/#primaryimage\"},\"image\":{\"@id\":\"https:\\\/\\\/www.dieweltenbummler.de\\\/wohnmobilstellplatz-nordkirchen\\\/zwei-neue-praesentkoerbe-fuer-die-gaeste\\\/#primaryimage\"},\"thumbnailUrl\":\"https:\\\/\\\/www.dieweltenbummler.de\\\/wohnmobilstellplatz-nordkirchen\\\/wp-content\\\/uploads\\\/2025\\\/11\\\/In-Nordkirchen-erhaelt-man-Praesentkoerbe-als-Camper.jpg\",\"datePublished\":\"2025-11-09T10:05:46+00:00\",\"dateModified\":\"2025-11-09T10:07:21+00:00\",\"breadcrumb\":{\"@id\":\"https:\\\/\\\/www.dieweltenbummler.de\\\/wohnmobilstellplatz-nordkirchen\\\/zwei-neue-praesentkoerbe-fuer-die-gaeste\\\/#breadcrumb\"},\"inLanguage\":\"de\",\"potentialAction\":[{\"@type\":\"ReadAction\",\"target\":[\"https:\\\/\\\/www.dieweltenbummler.de\\\/wohnmobilstellplatz-nordkirchen\\\/zwei-neue-praesentkoerbe-fuer-die-gaeste\\\/\"]}]},{\"@type\":\"ImageObject\",\"inLanguage\":\"de\",\"@id\":\"https:\\\/\\\/www.dieweltenbummler.de\\\/wohnmobilstellplatz-nordkirchen\\\/zwei-neue-praesentkoerbe-fuer-die-gaeste\\\/#primaryimage\",\"url\":\"https:\\\/\\\/www.dieweltenbummler.de\\\/wohnmobilstellplatz-nordkirchen\\\/wp-content\\\/uploads\\\/2025\\\/11\\\/In-Nordkirchen-erhaelt-man-Praesentkoerbe-als-Camper.jpg\",\"contentUrl\":\"https:\\\/\\\/www.dieweltenbummler.de\\\/wohnmobilstellplatz-nordkirchen\\\/wp-content\\\/uploads\\\/2025\\\/11\\\/In-Nordkirchen-erhaelt-man-Praesentkoerbe-als-Camper.jpg\",\"width\":2500,\"height\":1406,\"caption\":\"In Nordkirchen erh\u00e4lt man Pr\u00e4sentk\u00f6rbe als Camper\"},{\"@type\":\"BreadcrumbList\",\"@id\":\"https:\\\/\\\/www.dieweltenbummler.de\\\/wohnmobilstellplatz-nordkirchen\\\/zwei-neue-praesentkoerbe-fuer-die-gaeste\\\/#breadcrumb\",\"itemListElement\":[{\"@type\":\"ListItem\",\"position\":1,\"name\":\"Start\",\"item\":\"https:\\\/\\\/www.dieweltenbummler.de\\\/wohnmobilstellplatz-nordkirchen\\\/\"},{\"@type\":\"ListItem\",\"position\":2,\"name\":\"Zwei neue Pr\u00e4sentk\u00f6rbe f\u00fcr die G\u00e4ste\"}]},{\"@type\":\"WebSite\",\"@id\":\"https:\\\/\\\/www.dieweltenbummler.de\\\/wohnmobilstellplatz-nordkirchen\\\/#website\",\"url\":\"https:\\\/\\\/www.dieweltenbummler.de\\\/wohnmobilstellplatz-nordkirchen\\\/\",\"name\":\"Wohnmobilstellplatz Nordkirchen\",\"description\":\"Wohnmobilstellplatz am Westf\u00e4lischen Versailles\",\"publisher\":{\"@id\":\"https:\\\/\\\/www.dieweltenbummler.de\\\/wohnmobilstellplatz-nordkirchen\\\/#organization\"},\"potentialAction\":[{\"@type\":\"SearchAction\",\"target\":{\"@type\":\"EntryPoint\",\"urlTemplate\":\"https:\\\/\\\/www.dieweltenbummler.de\\\/wohnmobilstellplatz-nordkirchen\\\/?s={search_term_string}\"},\"query-input\":{\"@type\":\"PropertyValueSpecification\",\"valueRequired\":true,\"valueName\":\"search_term_string\"}}],\"inLanguage\":\"de\"},{\"@type\":\"Organization\",\"@id\":\"https:\\\/\\\/www.dieweltenbummler.de\\\/wohnmobilstellplatz-nordkirchen\\\/#organization\",\"name\":\"Wohnmobilstellplatz Nordkirchen\",\"url\":\"https:\\\/\\\/www.dieweltenbummler.de\\\/wohnmobilstellplatz-nordkirchen\\\/\",\"logo\":{\"@type\":\"ImageObject\",\"inLanguage\":\"de\",\"@id\":\"https:\\\/\\\/www.dieweltenbummler.de\\\/wohnmobilstellplatz-nordkirchen\\\/#\\\/schema\\\/logo\\\/image\\\/\",\"url\":\"https:\\\/\\\/www.dieweltenbummler.de\\\/wohnmobilstellplatz-nordkirchen\\\/wp-content\\\/uploads\\\/2023\\\/01\\\/Fasshaus-Logo-2-transparent-Schriftzug-weiss.png\",\"contentUrl\":\"https:\\\/\\\/www.dieweltenbummler.de\\\/wohnmobilstellplatz-nordkirchen\\\/wp-content\\\/uploads\\\/2023\\\/01\\\/Fasshaus-Logo-2-transparent-Schriftzug-weiss.png\",\"width\":1000,\"height\":495,\"caption\":\"Wohnmobilstellplatz Nordkirchen\"},\"image\":{\"@id\":\"https:\\\/\\\/www.dieweltenbummler.de\\\/wohnmobilstellplatz-nordkirchen\\\/#\\\/schema\\\/logo\\\/image\\\/\"}},{\"@type\":\"Person\",\"@id\":\"https:\\\/\\\/www.dieweltenbummler.de\\\/wohnmobilstellplatz-nordkirchen\\\/#\\\/schema\\\/person\\\/980cf4c1f1d6677626acc764875138ee\",\"name\":\"Wohnmobilstellplatz Nordkirchen\",\"url\":\"https:\\\/\\\/www.dieweltenbummler.de\\\/wohnmobilstellplatz-nordkirchen\\\/author\\\/womo-stellplatz\\\/\"}]}<\/script>\n<!-- \/ Yoast SEO plugin. -->","yoast_head_json":{"title":"Zwei neue Pr\u00e4sentk\u00f6rbe f\u00fcr die G\u00e4ste - Wohnmobilstellplatz Nordkirchen","robots":{"index":"index","follow":"follow","max-snippet":"max-snippet:-1","max-image-preview":"max-image-preview:large","max-video-preview":"max-video-preview:-1"},"canonical":"https:\/\/www.dieweltenbummler.de\/wohnmobilstellplatz-nordkirchen\/zwei-neue-praesentkoerbe-fuer-die-gaeste\/","og_locale":"de_DE","og_type":"article","og_title":"Zwei neue Pr\u00e4sentk\u00f6rbe f\u00fcr die G\u00e4ste - Wohnmobilstellplatz Nordkirchen","og_description":"Die Saison ist nun ruhiger geworden und zahlreiche Wohnmobilisten haben mittlerweile ihr Fahrzeug f\u00fcr den Winter einquartiert.Zum Ende der Saison haben wir jedoch im Oktober [&hellip;]","og_url":"https:\/\/www.dieweltenbummler.de\/wohnmobilstellplatz-nordkirchen\/zwei-neue-praesentkoerbe-fuer-die-gaeste\/","og_site_name":"Wohnmobilstellplatz Nordkirchen","article_published_time":"2025-11-09T10:05:46+00:00","article_modified_time":"2025-11-09T10:07:21+00:00","og_image":[{"width":2500,"height":1406,"url":"https:\/\/www.dieweltenbummler.de\/wohnmobilstellplatz-nordkirchen\/wp-content\/uploads\/2025\/11\/In-Nordkirchen-erhaelt-man-Praesentkoerbe-als-Camper.jpg","type":"image\/jpeg"}],"author":"Wohnmobilstellplatz Nordkirchen","twitter_card":"summary_large_image","twitter_misc":{"Verfasst von":"Wohnmobilstellplatz Nordkirchen","Gesch\u00e4tzte Lesezeit":"2\u00a0Minuten"},"schema":{"@context":"https:\/\/schema.org","@graph":[{"@type":"Article","@id":"https:\/\/www.dieweltenbummler.de\/wohnmobilstellplatz-nordkirchen\/zwei-neue-praesentkoerbe-fuer-die-gaeste\/#article","isPartOf":{"@id":"https:\/\/www.dieweltenbummler.de\/wohnmobilstellplatz-nordkirchen\/zwei-neue-praesentkoerbe-fuer-die-gaeste\/"},"author":{"name":"Wohnmobilstellplatz Nordkirchen","@id":"https:\/\/www.dieweltenbummler.de\/wohnmobilstellplatz-nordkirchen\/#\/schema\/person\/980cf4c1f1d6677626acc764875138ee"},"headline":"Zwei neue Pr\u00e4sentk\u00f6rbe f\u00fcr die G\u00e4ste","datePublished":"2025-11-09T10:05:46+00:00","dateModified":"2025-11-09T10:07:21+00:00","mainEntityOfPage":{"@id":"https:\/\/www.dieweltenbummler.de\/wohnmobilstellplatz-nordkirchen\/zwei-neue-praesentkoerbe-fuer-die-gaeste\/"},"wordCount":135,"publisher":{"@id":"https:\/\/www.dieweltenbummler.de\/wohnmobilstellplatz-nordkirchen\/#organization"},"image":{"@id":"https:\/\/www.dieweltenbummler.de\/wohnmobilstellplatz-nordkirchen\/zwei-neue-praesentkoerbe-fuer-die-gaeste\/#primaryimage"},"thumbnailUrl":"https:\/\/www.dieweltenbummler.de\/wohnmobilstellplatz-nordkirchen\/wp-content\/uploads\/2025\/11\/In-Nordkirchen-erhaelt-man-Praesentkoerbe-als-Camper.jpg","keywords":["#womonoki","Nordkirchen","Wohnmobile","Wohnmobilstellplatz","Wohnmobilstellplatz Nordkirchen","Womo","Womostellplatz"],"articleSection":["Stellplatz"],"inLanguage":"de"},{"@type":"WebPage","@id":"https:\/\/www.dieweltenbummler.de\/wohnmobilstellplatz-nordkirchen\/zwei-neue-praesentkoerbe-fuer-die-gaeste\/","url":"https:\/\/www.dieweltenbummler.de\/wohnmobilstellplatz-nordkirchen\/zwei-neue-praesentkoerbe-fuer-die-gaeste\/","name":"Zwei neue Pr\u00e4sentk\u00f6rbe f\u00fcr die G\u00e4ste - Wohnmobilstellplatz Nordkirchen","isPartOf":{"@id":"https:\/\/www.dieweltenbummler.de\/wohnmobilstellplatz-nordkirchen\/#website"},"primaryImageOfPage":{"@id":"https:\/\/www.dieweltenbummler.de\/wohnmobilstellplatz-nordkirchen\/zwei-neue-praesentkoerbe-fuer-die-gaeste\/#primaryimage"},"image":{"@id":"https:\/\/www.dieweltenbummler.de\/wohnmobilstellplatz-nordkirchen\/zwei-neue-praesentkoerbe-fuer-die-gaeste\/#primaryimage"},"thumbnailUrl":"https:\/\/www.dieweltenbummler.de\/wohnmobilstellplatz-nordkirchen\/wp-content\/uploads\/2025\/11\/In-Nordkirchen-erhaelt-man-Praesentkoerbe-als-Camper.jpg","datePublished":"2025-11-09T10:05:46+00:00","dateModified":"2025-11-09T10:07:21+00:00","breadcrumb":{"@id":"https:\/\/www.dieweltenbummler.de\/wohnmobilstellplatz-nordkirchen\/zwei-neue-praesentkoerbe-fuer-die-gaeste\/#breadcrumb"},"inLanguage":"de","potentialAction":[{"@type":"ReadAction","target":["https:\/\/www.dieweltenbummler.de\/wohnmobilstellplatz-nordkirchen\/zwei-neue-praesentkoerbe-fuer-die-gaeste\/"]}]},{"@type":"ImageObject","inLanguage":"de","@id":"https:\/\/www.dieweltenbummler.de\/wohnmobilstellplatz-nordkirchen\/zwei-neue-praesentkoerbe-fuer-die-gaeste\/#primaryimage","url":"https:\/\/www.dieweltenbummler.de\/wohnmobilstellplatz-nordkirchen\/wp-content\/uploads\/2025\/11\/In-Nordkirchen-erhaelt-man-Praesentkoerbe-als-Camper.jpg","contentUrl":"https:\/\/www.dieweltenbummler.de\/wohnmobilstellplatz-nordkirchen\/wp-content\/uploads\/2025\/11\/In-Nordkirchen-erhaelt-man-Praesentkoerbe-als-Camper.jpg","width":2500,"height":1406,"caption":"In Nordkirchen erh\u00e4lt man Pr\u00e4sentk\u00f6rbe als Camper"},{"@type":"BreadcrumbList","@id":"https:\/\/www.dieweltenbummler.de\/wohnmobilstellplatz-nordkirchen\/zwei-neue-praesentkoerbe-fuer-die-gaeste\/#breadcrumb","itemListElement":[{"@type":"ListItem","position":1,"name":"Start","item":"https:\/\/www.dieweltenbummler.de\/wohnmobilstellplatz-nordkirchen\/"},{"@type":"ListItem","position":2,"name":"Zwei neue Pr\u00e4sentk\u00f6rbe f\u00fcr die G\u00e4ste"}]},{"@type":"WebSite","@id":"https:\/\/www.dieweltenbummler.de\/wohnmobilstellplatz-nordkirchen\/#website","url":"https:\/\/www.dieweltenbummler.de\/wohnmobilstellplatz-nordkirchen\/","name":"Wohnmobilstellplatz Nordkirchen","description":"Wohnmobilstellplatz am Westf\u00e4lischen Versailles","publisher":{"@id":"https:\/\/www.dieweltenbummler.de\/wohnmobilstellplatz-nordkirchen\/#organization"},"potentialAction":[{"@type":"SearchAction","target":{"@type":"EntryPoint","urlTemplate":"https:\/\/www.dieweltenbummler.de\/wohnmobilstellplatz-nordkirchen\/?s={search_term_string}"},"query-input":{"@type":"PropertyValueSpecification","valueRequired":true,"valueName":"search_term_string"}}],"inLanguage":"de"},{"@type":"Organization","@id":"https:\/\/www.dieweltenbummler.de\/wohnmobilstellplatz-nordkirchen\/#organization","name":"Wohnmobilstellplatz Nordkirchen","url":"https:\/\/www.dieweltenbummler.de\/wohnmobilstellplatz-nordkirchen\/","logo":{"@type":"ImageObject","inLanguage":"de","@id":"https:\/\/www.dieweltenbummler.de\/wohnmobilstellplatz-nordkirchen\/#\/schema\/logo\/image\/","url":"https:\/\/www.dieweltenbummler.de\/wohnmobilstellplatz-nordkirchen\/wp-content\/uploads\/2023\/01\/Fasshaus-Logo-2-transparent-Schriftzug-weiss.png","contentUrl":"https:\/\/www.dieweltenbummler.de\/wohnmobilstellplatz-nordkirchen\/wp-content\/uploads\/2023\/01\/Fasshaus-Logo-2-transparent-Schriftzug-weiss.png","width":1000,"height":495,"caption":"Wohnmobilstellplatz Nordkirchen"},"image":{"@id":"https:\/\/www.dieweltenbummler.de\/wohnmobilstellplatz-nordkirchen\/#\/schema\/logo\/image\/"}},{"@type":"Person","@id":"https:\/\/www.dieweltenbummler.de\/wohnmobilstellplatz-nordkirchen\/#\/schema\/person\/980cf4c1f1d6677626acc764875138ee","name":"Wohnmobilstellplatz Nordkirchen","url":"https:\/\/www.dieweltenbummler.de\/wohnmobilstellplatz-nordkirchen\/author\/womo-stellplatz\/"}]}},"_links":{"self":[{"href":"https:\/\/www.dieweltenbummler.de\/wohnmobilstellplatz-nordkirchen\/wp-json\/wp\/v2\/posts\/3438","targetHints":{"allow":["GET"]}}],"collection":[{"href":"https:\/\/www.dieweltenbummler.de\/wohnmobilstellplatz-nordkirchen\/wp-json\/wp\/v2\/posts"}],"about":[{"href":"https:\/\/www.dieweltenbummler.de\/wohnmobilstellplatz-nordkirchen\/wp-json\/wp\/v2\/types\/post"}],"author":[{"embeddable":true,"href":"https:\/\/www.dieweltenbummler.de\/wohnmobilstellplatz-nordkirchen\/wp-json\/wp\/v2\/users\/1"}],"replies":[{"embeddable":true,"href":"https:\/\/www.dieweltenbummler.de\/wohnmobilstellplatz-nordkirchen\/wp-json\/wp\/v2\/comments?post=3438"}],"version-history":[{"count":0,"href":"https:\/\/www.dieweltenbummler.de\/wohnmobilstellplatz-nordkirchen\/wp-json\/wp\/v2\/posts\/3438\/revisions"}],"wp:featuredmedia":[{"embeddable":true,"href":"https:\/\/www.dieweltenbummler.de\/wohnmobilstellplatz-nordkirchen\/wp-json\/wp\/v2\/media\/3439"}],"wp:attachment":[{"href":"https:\/\/www.dieweltenbummler.de\/wohnmobilstellplatz-nordkirchen\/wp-json\/wp\/v2\/media?parent=3438"}],"wp:term":[{"taxonomy":"category","embeddable":true,"href":"https:\/\/www.dieweltenbummler.de\/wohnmobilstellplatz-nordkirchen\/wp-json\/wp\/v2\/categories?post=3438"},{"taxonomy":"post_tag","embeddable":true,"href":"https:\/\/www.dieweltenbummler.de\/wohnmobilstellplatz-nordkirchen\/wp-json\/wp\/v2\/tags?post=3438"}],"curies":[{"name":"wp","href":"https:\/\/api.w.org\/{rel}","templated":true}]}}