{"id":1840,"date":"2013-05-23T19:00:39","date_gmt":"2013-05-23T17:00:39","guid":{"rendered":"http:\/\/dieweltenbummler.de\/pingu\/?p=1840"},"modified":"2018-05-10T11:04:48","modified_gmt":"2018-05-10T09:04:48","slug":"wanderung-mit-regenschutz","status":"publish","type":"post","link":"https:\/\/www.dieweltenbummler.de\/pingu\/wanderung-mit-regenschutz\/","title":{"rendered":"Wanderung mit Regenschutz"},"content":{"rendered":"<div id=\"attachment_1841\" style=\"width: 2510px\" class=\"wp-caption alignnone\"><a href=\"http:\/\/dieweltenbummler.de\/pingu\/wp-content\/uploads\/2015\/01\/Vor-Naesse-geschuetzt.jpg\"><img loading=\"lazy\" decoding=\"async\" aria-describedby=\"caption-attachment-1841\" class=\"size-full wp-image-1841\" src=\"http:\/\/dieweltenbummler.de\/pingu\/wp-content\/uploads\/2015\/01\/Vor-Naesse-geschuetzt.jpg\" alt=\"Vor N\u00e4sse gesch\u00fctzt\" width=\"2500\" height=\"1656\" srcset=\"https:\/\/www.dieweltenbummler.de\/pingu\/wp-content\/uploads\/2015\/01\/Vor-Naesse-geschuetzt.jpg 2500w, https:\/\/www.dieweltenbummler.de\/pingu\/wp-content\/uploads\/2015\/01\/Vor-Naesse-geschuetzt-800x530.jpg 800w, https:\/\/www.dieweltenbummler.de\/pingu\/wp-content\/uploads\/2015\/01\/Vor-Naesse-geschuetzt-1024x678.jpg 1024w\" sizes=\"auto, (max-width: 2500px) 100vw, 2500px\" \/><\/a><p id=\"caption-attachment-1841\" class=\"wp-caption-text\">Vor N\u00e4sse gesch\u00fctzt<\/p><\/div>\n<p>Auf einer Wanderung zum <a title=\"Mittelpunkt von Siegen-Wittgenstein\" href=\"http:\/\/dieweltenbummler.de\/pingu\/mittelpunkt-von-siegen-wittgenstein\/\">geografischen Mittelpunkt von Siegen-Wittgenstein<\/a> war die Strecke so kurz, dass es sich nicht lohnte, Pingu im Trekkingrucksack zu transportieren, so wie er es gewohnt ist. Dummerweise setzte aber dann unerwartet Regen ein. Damit sein Gefieder nicht ganz durchweicht, durfte er also in einer zuf\u00e4llig mitgef\u00fchrten Plastikt\u00fcte Platz nehmen.<\/p>\n","protected":false},"excerpt":{"rendered":"<p>Auf einer Wanderung zum geografischen Mittelpunkt von Siegen-Wittgenstein war die Strecke so kurz, dass es sich nicht lohnte, Pingu im Trekkingrucksack zu transportieren, so wie er es gewohnt ist. Dummerweise setzte aber dann unerwartet Regen ein. Damit sein Gefieder nicht ganz durchweicht, durfte er also in einer zuf\u00e4llig mitgef\u00fchrten Plastikt\u00fcte Platz nehmen.<\/p>\n","protected":false},"author":1,"featured_media":1841,"comment_status":"closed","ping_status":"open","sticky":false,"template":"","format":"standard","meta":{"footnotes":""},"categories":[34],"tags":[706,640,482,639,703,702,327,190],"class_list":["post-1840","post","type-post","status-publish","format-standard","has-post-thumbnail","hentry","category-alltag","tag-alltag-mit-pingu","tag-eder","tag-fluss","tag-netphen","tag-regen","tag-siegen-wittgenstein","tag-wald","tag-wanderung"],"yoast_head":"<!-- This site is optimized with the Yoast SEO plugin v27.4 - https:\/\/yoast.com\/product\/yoast-seo-wordpress\/ -->\n<title>Vor N\u00e4sse gesch\u00fctzt<\/title>\n<meta name=\"description\" content=\"Pingu in einer Plastikt\u00fcte, um sich vor dem Regen beim Wandern zu sch\u00fctzen.\" \/>\n<meta name=\"robots\" content=\"index, follow, max-snippet:-1, max-image-preview:large, max-video-preview:-1\" \/>\n<link rel=\"canonical\" href=\"https:\/\/www.dieweltenbummler.de\/pingu\/wanderung-mit-regenschutz\/\" \/>\n<meta property=\"og:locale\" content=\"de_DE\" \/>\n<meta property=\"og:type\" content=\"article\" \/>\n<meta property=\"og:title\" content=\"Vor N\u00e4sse gesch\u00fctzt\" \/>\n<meta property=\"og:description\" content=\"Pingu in einer Plastikt\u00fcte, um sich vor dem Regen beim Wandern zu sch\u00fctzen.\" \/>\n<meta property=\"og:url\" content=\"https:\/\/www.dieweltenbummler.de\/pingu\/wanderung-mit-regenschutz\/\" \/>\n<meta property=\"og:site_name\" content=\"Wo ist der Pinguin?\" \/>\n<meta property=\"article:published_time\" content=\"2013-05-23T17:00:39+00:00\" \/>\n<meta property=\"article:modified_time\" content=\"2018-05-10T09:04:48+00:00\" \/>\n<meta property=\"og:image\" content=\"https:\/\/www.dieweltenbummler.de\/pingu\/wp-content\/uploads\/2015\/01\/Vor-Naesse-geschuetzt.jpg\" \/>\n\t<meta property=\"og:image:width\" content=\"2500\" \/>\n\t<meta property=\"og:image:height\" content=\"1656\" \/>\n\t<meta property=\"og:image:type\" content=\"image\/jpeg\" \/>\n<meta name=\"author\" content=\"Pingu\" \/>\n<meta name=\"twitter:card\" content=\"summary_large_image\" \/>\n<meta name=\"twitter:label1\" content=\"Verfasst von\" \/>\n\t<meta name=\"twitter:data1\" content=\"Pingu\" \/>\n<script type=\"application\/ld+json\" class=\"yoast-schema-graph\">{\"@context\":\"https:\\\/\\\/schema.org\",\"@graph\":[{\"@type\":\"Article\",\"@id\":\"https:\\\/\\\/www.dieweltenbummler.de\\\/pingu\\\/wanderung-mit-regenschutz\\\/#article\",\"isPartOf\":{\"@id\":\"https:\\\/\\\/www.dieweltenbummler.de\\\/pingu\\\/wanderung-mit-regenschutz\\\/\"},\"author\":{\"name\":\"Pingu\",\"@id\":\"https:\\\/\\\/www.dieweltenbummler.de\\\/pingu\\\/#\\\/schema\\\/person\\\/0d913d907231474b43e438b465ba6636\"},\"headline\":\"Wanderung mit Regenschutz\",\"datePublished\":\"2013-05-23T17:00:39+00:00\",\"dateModified\":\"2018-05-10T09:04:48+00:00\",\"mainEntityOfPage\":{\"@id\":\"https:\\\/\\\/www.dieweltenbummler.de\\\/pingu\\\/wanderung-mit-regenschutz\\\/\"},\"wordCount\":70,\"image\":{\"@id\":\"https:\\\/\\\/www.dieweltenbummler.de\\\/pingu\\\/wanderung-mit-regenschutz\\\/#primaryimage\"},\"thumbnailUrl\":\"https:\\\/\\\/www.dieweltenbummler.de\\\/pingu\\\/wp-content\\\/uploads\\\/2015\\\/01\\\/Vor-Naesse-geschuetzt.jpg\",\"keywords\":[\"Alltag mit Pingu\",\"Eder\",\"Fluss\",\"Netphen\",\"Regen\",\"Siegen-Wittgenstein\",\"Wald\",\"Wanderung\"],\"articleSection\":[\"Alltag\"],\"inLanguage\":\"de\"},{\"@type\":\"WebPage\",\"@id\":\"https:\\\/\\\/www.dieweltenbummler.de\\\/pingu\\\/wanderung-mit-regenschutz\\\/\",\"url\":\"https:\\\/\\\/www.dieweltenbummler.de\\\/pingu\\\/wanderung-mit-regenschutz\\\/\",\"name\":\"Vor N\u00e4sse gesch\u00fctzt\",\"isPartOf\":{\"@id\":\"https:\\\/\\\/www.dieweltenbummler.de\\\/pingu\\\/#website\"},\"primaryImageOfPage\":{\"@id\":\"https:\\\/\\\/www.dieweltenbummler.de\\\/pingu\\\/wanderung-mit-regenschutz\\\/#primaryimage\"},\"image\":{\"@id\":\"https:\\\/\\\/www.dieweltenbummler.de\\\/pingu\\\/wanderung-mit-regenschutz\\\/#primaryimage\"},\"thumbnailUrl\":\"https:\\\/\\\/www.dieweltenbummler.de\\\/pingu\\\/wp-content\\\/uploads\\\/2015\\\/01\\\/Vor-Naesse-geschuetzt.jpg\",\"datePublished\":\"2013-05-23T17:00:39+00:00\",\"dateModified\":\"2018-05-10T09:04:48+00:00\",\"author\":{\"@id\":\"https:\\\/\\\/www.dieweltenbummler.de\\\/pingu\\\/#\\\/schema\\\/person\\\/0d913d907231474b43e438b465ba6636\"},\"description\":\"Pingu in einer Plastikt\u00fcte, um sich vor dem Regen beim Wandern zu sch\u00fctzen.\",\"breadcrumb\":{\"@id\":\"https:\\\/\\\/www.dieweltenbummler.de\\\/pingu\\\/wanderung-mit-regenschutz\\\/#breadcrumb\"},\"inLanguage\":\"de\",\"potentialAction\":[{\"@type\":\"ReadAction\",\"target\":[\"https:\\\/\\\/www.dieweltenbummler.de\\\/pingu\\\/wanderung-mit-regenschutz\\\/\"]}]},{\"@type\":\"ImageObject\",\"inLanguage\":\"de\",\"@id\":\"https:\\\/\\\/www.dieweltenbummler.de\\\/pingu\\\/wanderung-mit-regenschutz\\\/#primaryimage\",\"url\":\"https:\\\/\\\/www.dieweltenbummler.de\\\/pingu\\\/wp-content\\\/uploads\\\/2015\\\/01\\\/Vor-Naesse-geschuetzt.jpg\",\"contentUrl\":\"https:\\\/\\\/www.dieweltenbummler.de\\\/pingu\\\/wp-content\\\/uploads\\\/2015\\\/01\\\/Vor-Naesse-geschuetzt.jpg\",\"width\":2500,\"height\":1656,\"caption\":\"Vor N\u00e4sse gesch\u00fctzt\"},{\"@type\":\"BreadcrumbList\",\"@id\":\"https:\\\/\\\/www.dieweltenbummler.de\\\/pingu\\\/wanderung-mit-regenschutz\\\/#breadcrumb\",\"itemListElement\":[{\"@type\":\"ListItem\",\"position\":1,\"name\":\"Startseite\",\"item\":\"https:\\\/\\\/www.dieweltenbummler.de\\\/pingu\\\/\"},{\"@type\":\"ListItem\",\"position\":2,\"name\":\"Wanderung mit Regenschutz\"}]},{\"@type\":\"WebSite\",\"@id\":\"https:\\\/\\\/www.dieweltenbummler.de\\\/pingu\\\/#website\",\"url\":\"https:\\\/\\\/www.dieweltenbummler.de\\\/pingu\\\/\",\"name\":\"Wo ist der Pinguin?\",\"description\":\"Ein Stoffpinguin reist um die Welt\",\"potentialAction\":[{\"@type\":\"SearchAction\",\"target\":{\"@type\":\"EntryPoint\",\"urlTemplate\":\"https:\\\/\\\/www.dieweltenbummler.de\\\/pingu\\\/?s={search_term_string}\"},\"query-input\":{\"@type\":\"PropertyValueSpecification\",\"valueRequired\":true,\"valueName\":\"search_term_string\"}}],\"inLanguage\":\"de\"},{\"@type\":\"Person\",\"@id\":\"https:\\\/\\\/www.dieweltenbummler.de\\\/pingu\\\/#\\\/schema\\\/person\\\/0d913d907231474b43e438b465ba6636\",\"name\":\"Pingu\",\"image\":{\"@type\":\"ImageObject\",\"inLanguage\":\"de\",\"@id\":\"https:\\\/\\\/secure.gravatar.com\\\/avatar\\\/21dec02edc1824e3e86b0ba98b8deaeb15d6247799e200f4571ca05f56c0d959?s=96&d=mm&r=g\",\"url\":\"https:\\\/\\\/secure.gravatar.com\\\/avatar\\\/21dec02edc1824e3e86b0ba98b8deaeb15d6247799e200f4571ca05f56c0d959?s=96&d=mm&r=g\",\"contentUrl\":\"https:\\\/\\\/secure.gravatar.com\\\/avatar\\\/21dec02edc1824e3e86b0ba98b8deaeb15d6247799e200f4571ca05f56c0d959?s=96&d=mm&r=g\",\"caption\":\"Pingu\"},\"url\":\"https:\\\/\\\/www.dieweltenbummler.de\\\/pingu\\\/author\\\/pingu\\\/\"}]}<\/script>\n<!-- \/ Yoast SEO plugin. -->","yoast_head_json":{"title":"Vor N\u00e4sse gesch\u00fctzt","description":"Pingu in einer Plastikt\u00fcte, um sich vor dem Regen beim Wandern zu sch\u00fctzen.","robots":{"index":"index","follow":"follow","max-snippet":"max-snippet:-1","max-image-preview":"max-image-preview:large","max-video-preview":"max-video-preview:-1"},"canonical":"https:\/\/www.dieweltenbummler.de\/pingu\/wanderung-mit-regenschutz\/","og_locale":"de_DE","og_type":"article","og_title":"Vor N\u00e4sse gesch\u00fctzt","og_description":"Pingu in einer Plastikt\u00fcte, um sich vor dem Regen beim Wandern zu sch\u00fctzen.","og_url":"https:\/\/www.dieweltenbummler.de\/pingu\/wanderung-mit-regenschutz\/","og_site_name":"Wo ist der Pinguin?","article_published_time":"2013-05-23T17:00:39+00:00","article_modified_time":"2018-05-10T09:04:48+00:00","og_image":[{"width":2500,"height":1656,"url":"https:\/\/www.dieweltenbummler.de\/pingu\/wp-content\/uploads\/2015\/01\/Vor-Naesse-geschuetzt.jpg","type":"image\/jpeg"}],"author":"Pingu","twitter_card":"summary_large_image","twitter_misc":{"Verfasst von":"Pingu"},"schema":{"@context":"https:\/\/schema.org","@graph":[{"@type":"Article","@id":"https:\/\/www.dieweltenbummler.de\/pingu\/wanderung-mit-regenschutz\/#article","isPartOf":{"@id":"https:\/\/www.dieweltenbummler.de\/pingu\/wanderung-mit-regenschutz\/"},"author":{"name":"Pingu","@id":"https:\/\/www.dieweltenbummler.de\/pingu\/#\/schema\/person\/0d913d907231474b43e438b465ba6636"},"headline":"Wanderung mit Regenschutz","datePublished":"2013-05-23T17:00:39+00:00","dateModified":"2018-05-10T09:04:48+00:00","mainEntityOfPage":{"@id":"https:\/\/www.dieweltenbummler.de\/pingu\/wanderung-mit-regenschutz\/"},"wordCount":70,"image":{"@id":"https:\/\/www.dieweltenbummler.de\/pingu\/wanderung-mit-regenschutz\/#primaryimage"},"thumbnailUrl":"https:\/\/www.dieweltenbummler.de\/pingu\/wp-content\/uploads\/2015\/01\/Vor-Naesse-geschuetzt.jpg","keywords":["Alltag mit Pingu","Eder","Fluss","Netphen","Regen","Siegen-Wittgenstein","Wald","Wanderung"],"articleSection":["Alltag"],"inLanguage":"de"},{"@type":"WebPage","@id":"https:\/\/www.dieweltenbummler.de\/pingu\/wanderung-mit-regenschutz\/","url":"https:\/\/www.dieweltenbummler.de\/pingu\/wanderung-mit-regenschutz\/","name":"Vor N\u00e4sse gesch\u00fctzt","isPartOf":{"@id":"https:\/\/www.dieweltenbummler.de\/pingu\/#website"},"primaryImageOfPage":{"@id":"https:\/\/www.dieweltenbummler.de\/pingu\/wanderung-mit-regenschutz\/#primaryimage"},"image":{"@id":"https:\/\/www.dieweltenbummler.de\/pingu\/wanderung-mit-regenschutz\/#primaryimage"},"thumbnailUrl":"https:\/\/www.dieweltenbummler.de\/pingu\/wp-content\/uploads\/2015\/01\/Vor-Naesse-geschuetzt.jpg","datePublished":"2013-05-23T17:00:39+00:00","dateModified":"2018-05-10T09:04:48+00:00","author":{"@id":"https:\/\/www.dieweltenbummler.de\/pingu\/#\/schema\/person\/0d913d907231474b43e438b465ba6636"},"description":"Pingu in einer Plastikt\u00fcte, um sich vor dem Regen beim Wandern zu sch\u00fctzen.","breadcrumb":{"@id":"https:\/\/www.dieweltenbummler.de\/pingu\/wanderung-mit-regenschutz\/#breadcrumb"},"inLanguage":"de","potentialAction":[{"@type":"ReadAction","target":["https:\/\/www.dieweltenbummler.de\/pingu\/wanderung-mit-regenschutz\/"]}]},{"@type":"ImageObject","inLanguage":"de","@id":"https:\/\/www.dieweltenbummler.de\/pingu\/wanderung-mit-regenschutz\/#primaryimage","url":"https:\/\/www.dieweltenbummler.de\/pingu\/wp-content\/uploads\/2015\/01\/Vor-Naesse-geschuetzt.jpg","contentUrl":"https:\/\/www.dieweltenbummler.de\/pingu\/wp-content\/uploads\/2015\/01\/Vor-Naesse-geschuetzt.jpg","width":2500,"height":1656,"caption":"Vor N\u00e4sse gesch\u00fctzt"},{"@type":"BreadcrumbList","@id":"https:\/\/www.dieweltenbummler.de\/pingu\/wanderung-mit-regenschutz\/#breadcrumb","itemListElement":[{"@type":"ListItem","position":1,"name":"Startseite","item":"https:\/\/www.dieweltenbummler.de\/pingu\/"},{"@type":"ListItem","position":2,"name":"Wanderung mit Regenschutz"}]},{"@type":"WebSite","@id":"https:\/\/www.dieweltenbummler.de\/pingu\/#website","url":"https:\/\/www.dieweltenbummler.de\/pingu\/","name":"Wo ist der Pinguin?","description":"Ein Stoffpinguin reist um die Welt","potentialAction":[{"@type":"SearchAction","target":{"@type":"EntryPoint","urlTemplate":"https:\/\/www.dieweltenbummler.de\/pingu\/?s={search_term_string}"},"query-input":{"@type":"PropertyValueSpecification","valueRequired":true,"valueName":"search_term_string"}}],"inLanguage":"de"},{"@type":"Person","@id":"https:\/\/www.dieweltenbummler.de\/pingu\/#\/schema\/person\/0d913d907231474b43e438b465ba6636","name":"Pingu","image":{"@type":"ImageObject","inLanguage":"de","@id":"https:\/\/secure.gravatar.com\/avatar\/21dec02edc1824e3e86b0ba98b8deaeb15d6247799e200f4571ca05f56c0d959?s=96&d=mm&r=g","url":"https:\/\/secure.gravatar.com\/avatar\/21dec02edc1824e3e86b0ba98b8deaeb15d6247799e200f4571ca05f56c0d959?s=96&d=mm&r=g","contentUrl":"https:\/\/secure.gravatar.com\/avatar\/21dec02edc1824e3e86b0ba98b8deaeb15d6247799e200f4571ca05f56c0d959?s=96&d=mm&r=g","caption":"Pingu"},"url":"https:\/\/www.dieweltenbummler.de\/pingu\/author\/pingu\/"}]}},"_links":{"self":[{"href":"https:\/\/www.dieweltenbummler.de\/pingu\/wp-json\/wp\/v2\/posts\/1840","targetHints":{"allow":["GET"]}}],"collection":[{"href":"https:\/\/www.dieweltenbummler.de\/pingu\/wp-json\/wp\/v2\/posts"}],"about":[{"href":"https:\/\/www.dieweltenbummler.de\/pingu\/wp-json\/wp\/v2\/types\/post"}],"author":[{"embeddable":true,"href":"https:\/\/www.dieweltenbummler.de\/pingu\/wp-json\/wp\/v2\/users\/1"}],"replies":[{"embeddable":true,"href":"https:\/\/www.dieweltenbummler.de\/pingu\/wp-json\/wp\/v2\/comments?post=1840"}],"version-history":[{"count":0,"href":"https:\/\/www.dieweltenbummler.de\/pingu\/wp-json\/wp\/v2\/posts\/1840\/revisions"}],"wp:featuredmedia":[{"embeddable":true,"href":"https:\/\/www.dieweltenbummler.de\/pingu\/wp-json\/wp\/v2\/media\/1841"}],"wp:attachment":[{"href":"https:\/\/www.dieweltenbummler.de\/pingu\/wp-json\/wp\/v2\/media?parent=1840"}],"wp:term":[{"taxonomy":"category","embeddable":true,"href":"https:\/\/www.dieweltenbummler.de\/pingu\/wp-json\/wp\/v2\/categories?post=1840"},{"taxonomy":"post_tag","embeddable":true,"href":"https:\/\/www.dieweltenbummler.de\/pingu\/wp-json\/wp\/v2\/tags?post=1840"}],"curies":[{"name":"wp","href":"https:\/\/api.w.org\/{rel}","templated":true}]}}